{"id":5721,"date":"2025-01-19T12:03:55","date_gmt":"2025-01-19T17:03:55","guid":{"rendered":"https:\/\/evatv.net\/sitio\/?p=5721"},"modified":"2025-01-19T12:03:55","modified_gmt":"2025-01-19T17:03:55","slug":"la-produccion-petrolera-en-ecuador-alcanza-su-nivel-mas-bajo","status":"publish","type":"post","link":"https:\/\/evatv.net\/sitio\/la-produccion-petrolera-en-ecuador-alcanza-su-nivel-mas-bajo\/","title":{"rendered":"La producci\u00f3n petrolera en Ecuador alcanza su nivel m\u00e1s bajo"},"content":{"rendered":"<p>La producci\u00f3n petrolera en Ecuador alcanza su nivel m\u00e1s bajo \u25ba https:\/\/is.gd\/ihc7K4<br \/>\nGENERAL, NOTICIAS ECUADOR<\/p>\n","protected":false},"excerpt":{"rendered":"<p>La producci\u00f3n petrolera en Ecuador alcanza su nivel m\u00e1s bajo \u25ba https:\/\/is.gd\/ihc7K4<br \/>\nGENERAL, NOTICIAS ECUADOR<\/p>\n","protected":false},"author":990002,"featured_media":5720,"comment_status":"open","ping_status":"open","sticky":false,"template":"","format":"standard","meta":{"site-sidebar-layout":"default","site-content-layout":"","ast-site-content-layout":"default","site-content-style":"default","site-sidebar-style":"default","ast-global-header-display":"","ast-banner-title-visibility":"","ast-main-header-display":"","ast-hfb-above-header-display":"","ast-hfb-below-header-display":"","ast-hfb-mobile-header-display":"","site-post-title":"","ast-breadcrumbs-content":"","ast-featured-img":"","footer-sml-layout":"","theme-transparent-header-meta":"","adv-header-id-meta":"","stick-header-meta":"","header-above-stick-meta":"","header-main-stick-meta":"","header-below-stick-meta":"","astra-migrate-meta-layouts":"default","ast-page-background-enabled":"default","ast-page-background-meta":{"desktop":{"background-color":"var(--ast-global-color-4)","background-image":"","background-repeat":"repeat","background-position":"center center","background-size":"auto","background-attachment":"scroll","background-type":"","background-media":"","overlay-type":"","overlay-color":"","overlay-opacity":"","overlay-gradient":""},"tablet":{"background-color":"","background-image":"","background-repeat":"repeat","background-position":"center center","background-size":"auto","background-attachment":"scroll","background-type":"","background-media":"","overlay-type":"","overlay-color":"","overlay-opacity":"","overlay-gradient":""},"mobile":{"background-color":"","background-image":"","background-repeat":"repeat","background-position":"center center","background-size":"auto","background-attachment":"scroll","background-type":"","background-media":"","overlay-type":"","overlay-color":"","overlay-opacity":"","overlay-gradient":""}},"ast-content-background-meta":{"desktop":{"background-color":"var(--ast-global-color-5)","background-image":"","background-repeat":"repeat","background-position":"center center","background-size":"auto","background-attachment":"scroll","background-type":"","background-media":"","overlay-type":"","overlay-color":"","overlay-opacity":"","overlay-gradient":""},"tablet":{"background-color":"var(--ast-global-color-5)","background-image":"","background-repeat":"repeat","background-position":"center center","background-size":"auto","background-attachment":"scroll","background-type":"","background-media":"","overlay-type":"","overlay-color":"","overlay-opacity":"","overlay-gradient":""},"mobile":{"background-color":"var(--ast-global-color-5)","background-image":"","background-repeat":"repeat","background-position":"center center","background-size":"auto","background-attachment":"scroll","background-type":"","background-media":"","overlay-type":"","overlay-color":"","overlay-opacity":"","overlay-gradient":""}},"footnotes":""},"categories":[126,132],"tags":[],"class_list":["post-5721","post","type-post","status-publish","format-standard","has-post-thumbnail","hentry","category-general","category-noticias-ecuador"],"_links":{"self":[{"href":"https:\/\/evatv.net\/sitio\/wp-json\/wp\/v2\/posts\/5721","targetHints":{"allow":["GET"]}}],"collection":[{"href":"https:\/\/evatv.net\/sitio\/wp-json\/wp\/v2\/posts"}],"about":[{"href":"https:\/\/evatv.net\/sitio\/wp-json\/wp\/v2\/types\/post"}],"author":[{"embeddable":true,"href":"https:\/\/evatv.net\/sitio\/wp-json\/wp\/v2\/users\/990002"}],"replies":[{"embeddable":true,"href":"https:\/\/evatv.net\/sitio\/wp-json\/wp\/v2\/comments?post=5721"}],"version-history":[{"count":1,"href":"https:\/\/evatv.net\/sitio\/wp-json\/wp\/v2\/posts\/5721\/revisions"}],"predecessor-version":[{"id":5722,"href":"https:\/\/evatv.net\/sitio\/wp-json\/wp\/v2\/posts\/5721\/revisions\/5722"}],"wp:featuredmedia":[{"embeddable":true,"href":"https:\/\/evatv.net\/sitio\/wp-json\/wp\/v2\/media\/5720"}],"wp:attachment":[{"href":"https:\/\/evatv.net\/sitio\/wp-json\/wp\/v2\/media?parent=5721"}],"wp:term":[{"taxonomy":"category","embeddable":true,"href":"https:\/\/evatv.net\/sitio\/wp-json\/wp\/v2\/categories?post=5721"},{"taxonomy":"post_tag","embeddable":true,"href":"https:\/\/evatv.net\/sitio\/wp-json\/wp\/v2\/tags?post=5721"}],"curies":[{"name":"wp","href":"https:\/\/api.w.org\/{rel}","templated":true}]}}