{"id":5724,"date":"2025-01-19T12:05:16","date_gmt":"2025-01-19T17:05:16","guid":{"rendered":"https:\/\/evatv.net\/sitio\/?p=5724"},"modified":"2025-01-19T12:05:16","modified_gmt":"2025-01-19T17:05:16","slug":"aquiles-alvarez-encarga-la-alcaldia-de-guayaquil-a-blanca-lopez","status":"publish","type":"post","link":"https:\/\/evatv.net\/sitio\/aquiles-alvarez-encarga-la-alcaldia-de-guayaquil-a-blanca-lopez\/","title":{"rendered":"Aquiles \u00c1lvarez encarga la Alcald\u00eda de Guayaquil a Blanca L\u00f3pez"},"content":{"rendered":"<p>Aquiles \u00c1lvarez encarga la Alcald\u00eda de Guayaquil a Blanca L\u00f3pez \u25ba https:\/\/is.gd\/S9QaPf<br \/>\nNOTICIAS ECUADOR<\/p>\n","protected":false},"excerpt":{"rendered":"<p>Aquiles \u00c1lvarez encarga la Alcald\u00eda de Guayaquil a Blanca L\u00f3pez \u25ba https:\/\/is.gd\/S9QaPf<br \/>\nNOTICIAS ECUADOR<\/p>\n","protected":false},"author":990002,"featured_media":5723,"comment_status":"open","ping_status":"open","sticky":false,"template":"","format":"standard","meta":{"site-sidebar-layout":"default","site-content-layout":"","ast-site-content-layout":"default","site-content-style":"default","site-sidebar-style":"default","ast-global-header-display":"","ast-banner-title-visibility":"","ast-main-header-display":"","ast-hfb-above-header-display":"","ast-hfb-below-header-display":"","ast-hfb-mobile-header-display":"","site-post-title":"","ast-breadcrumbs-content":"","ast-featured-img":"","footer-sml-layout":"","theme-transparent-header-meta":"","adv-header-id-meta":"","stick-header-meta":"","header-above-stick-meta":"","header-main-stick-meta":"","header-below-stick-meta":"","astra-migrate-meta-layouts":"default","ast-page-background-enabled":"default","ast-page-background-meta":{"desktop":{"background-color":"var(--ast-global-color-4)","background-image":"","background-repeat":"repeat","background-position":"center center","background-size":"auto","background-attachment":"scroll","background-type":"","background-media":"","overlay-type":"","overlay-color":"","overlay-opacity":"","overlay-gradient":""},"tablet":{"background-color":"","background-image":"","background-repeat":"repeat","background-position":"center center","background-size":"auto","background-attachment":"scroll","background-type":"","background-media":"","overlay-type":"","overlay-color":"","overlay-opacity":"","overlay-gradient":""},"mobile":{"background-color":"","background-image":"","background-repeat":"repeat","background-position":"center center","background-size":"auto","background-attachment":"scroll","background-type":"","background-media":"","overlay-type":"","overlay-color":"","overlay-opacity":"","overlay-gradient":""}},"ast-content-background-meta":{"desktop":{"background-color":"var(--ast-global-color-5)","background-image":"","background-repeat":"repeat","background-position":"center center","background-size":"auto","background-attachment":"scroll","background-type":"","background-media":"","overlay-type":"","overlay-color":"","overlay-opacity":"","overlay-gradient":""},"tablet":{"background-color":"var(--ast-global-color-5)","background-image":"","background-repeat":"repeat","background-position":"center center","background-size":"auto","background-attachment":"scroll","background-type":"","background-media":"","overlay-type":"","overlay-color":"","overlay-opacity":"","overlay-gradient":""},"mobile":{"background-color":"var(--ast-global-color-5)","background-image":"","background-repeat":"repeat","background-position":"center center","background-size":"auto","background-attachment":"scroll","background-type":"","background-media":"","overlay-type":"","overlay-color":"","overlay-opacity":"","overlay-gradient":""}},"footnotes":""},"categories":[132],"tags":[],"class_list":["post-5724","post","type-post","status-publish","format-standard","has-post-thumbnail","hentry","category-noticias-ecuador"],"_links":{"self":[{"href":"https:\/\/evatv.net\/sitio\/wp-json\/wp\/v2\/posts\/5724","targetHints":{"allow":["GET"]}}],"collection":[{"href":"https:\/\/evatv.net\/sitio\/wp-json\/wp\/v2\/posts"}],"about":[{"href":"https:\/\/evatv.net\/sitio\/wp-json\/wp\/v2\/types\/post"}],"author":[{"embeddable":true,"href":"https:\/\/evatv.net\/sitio\/wp-json\/wp\/v2\/users\/990002"}],"replies":[{"embeddable":true,"href":"https:\/\/evatv.net\/sitio\/wp-json\/wp\/v2\/comments?post=5724"}],"version-history":[{"count":1,"href":"https:\/\/evatv.net\/sitio\/wp-json\/wp\/v2\/posts\/5724\/revisions"}],"predecessor-version":[{"id":5725,"href":"https:\/\/evatv.net\/sitio\/wp-json\/wp\/v2\/posts\/5724\/revisions\/5725"}],"wp:featuredmedia":[{"embeddable":true,"href":"https:\/\/evatv.net\/sitio\/wp-json\/wp\/v2\/media\/5723"}],"wp:attachment":[{"href":"https:\/\/evatv.net\/sitio\/wp-json\/wp\/v2\/media?parent=5724"}],"wp:term":[{"taxonomy":"category","embeddable":true,"href":"https:\/\/evatv.net\/sitio\/wp-json\/wp\/v2\/categories?post=5724"},{"taxonomy":"post_tag","embeddable":true,"href":"https:\/\/evatv.net\/sitio\/wp-json\/wp\/v2\/tags?post=5724"}],"curies":[{"name":"wp","href":"https:\/\/api.w.org\/{rel}","templated":true}]}}